{"id":185,"date":"2026-08-21T00:18:54","date_gmt":"2026-08-21T00:18:54","guid":{"rendered":"https:\/\/casitascanarias.com\/blog\/vad-man-kan-gora-la-palma-vulkaner-stjarnor-natur\/"},"modified":"2026-08-21T00:18:54","modified_gmt":"2026-08-21T00:18:54","slug":"vad-man-kan-gora-la-palma-vulkaner-stjarnor-natur","status":"publish","type":"post","link":"https:\/\/casitascanarias.com\/blog\/sv\/vad-man-kan-gora-la-palma-vulkaner-stjarnor-natur\/","title":{"rendered":"Vad man kan g\u00f6ra p\u00e5 La Palma: vulkaner, stj\u00e4rnhimmel och \u00e4kta natur"},"content":{"rendered":"<p>Det finns ett \u00f6gonblick som f\u00f6r\u00e4ndrar s\u00e4ttet du ser p\u00e5 La Palma. Det h\u00e4nder ofta p\u00e5 natten, 2 426 meter \u00f6ver havet, n\u00e4r det enda ljuset du ser kommer fr\u00e5n teleskopen vid Roque de los Muchachos och fr\u00e5n stj\u00e4rnorna. Inte den stj\u00e4rnhimmel du ser fr\u00e5n en stad \u2014 det d\u00e4r dova t\u00e4cket med n\u00e5gra f\u00e5 ljuspunkter \u2014 utan den verkliga himlen: t\u00e4t, levande, n\u00e4stan p\u00e5taglig. Vintergatan \u00e4r inte l\u00e4ngre en id\u00e9, utan en fysisk struktur som str\u00e4cker sig fr\u00e5n horisont till horisont.<\/p>\n<p>Det h\u00e4r \u00f6gonblicket f\u00e5r du inte p\u00e5 n\u00e5gon annan \u00f6 i Atlanten. Och det \u00e4r bara ett av m\u00e5nga som La Palma bjuder p\u00e5 f\u00f6r den som kommer hit med tid och utan stress.<\/p>\n<p><strong>La Palma \u00e4r en vertikal \u00f6.<\/strong> P\u00e5 mindre \u00e4n 15 kilometer i horisontell riktning stiger landskapet fr\u00e5n havsniv\u00e5 till 2 426 meter. Den h\u00f6jdskillnaden skapar milj\u00f6er som f\u00f6r\u00e4ndras f\u00f6r varje par hundra h\u00f6jdmeter: svart vulkankust, bananodlingar, pinjeskogar, lagerskog och karga toppar n\u00e4stan utan vegetation. Det \u00e4r inte landskap man bara ser fr\u00e5n v\u00e4gen \u2014 det \u00e4r landskap man upplever till fots, l\u00e4ngs stigar som anv\u00e4ndes redan f\u00f6re asfalten.<\/p>\n<p>Den h\u00e4r guiden svarar p\u00e5 fr\u00e5gan som m\u00e5nga st\u00e4ller sig n\u00e4r boendet redan \u00e4r ordnat: <em>&#8221;Vad ska vi g\u00f6ra p\u00e5 La Palma?&#8221;<\/em> Om du fortfarande letar efter var du ska bo kan du b\u00f6rja med <a href=\"\/blog\/sv\/lantligt-boende-la-palma\/\">den kompletta guiden till lantligt boende p\u00e5 La Palma<\/a>.<\/p>\n<hr \/>\n<h2 id=\"innehall\">Inneh\u00e5ll<\/h2>\n<ul>\n<li><a href=\"#senderismo\">Vandring: lederna du inte f\u00e5r missa<\/a><\/li>\n<li><a href=\"#volcanes\">Vulkaner: Tajogaite och vulkanrutten<\/a><\/li>\n<li><a href=\"#astronomia\">Astronomi: Europas m\u00f6rkaste himmel<\/a><\/li>\n<li><a href=\"#caldera\">Caldera de Taburiente: \u00f6ns hj\u00e4rta<\/a><\/li>\n<li><a href=\"#laurisilva\">Lagerskog: skogar fr\u00e5n terti\u00e4rtiden<\/a><\/li>\n<li><a href=\"#vino\">Vulkanvin: DO La Palma<\/a><\/li>\n<li><a href=\"#gastronomia\">Gastronomi: vad du m\u00e5ste prova<\/a><\/li>\n<li><a href=\"#playas\">Str\u00e4nder: kust av lava och svart sand<\/a><\/li>\n<li><a href=\"#cultura\">Kultur: Santa Cruz, karnevalen och Los Indianos<\/a><\/li>\n<li><a href=\"#organizar\">S\u00e5 planerar du en vecka p\u00e5 La Palma<\/a><\/li>\n<\/ul>\n<hr \/>\n<p><img decoding=\"async\" alt=\"Punta Gorda, La Palma\" src=\"https:\/\/casitascanarias.com\/blog\/wp-content\/uploads\/2026\/08\/manual__brand-center__04-07-10map-007_df5e8073.jpg\" \/><\/p>\n<h2 id=\"senderismo\">Vandring: lederna du inte f\u00e5r missa<\/h2>\n<p>La Palma har \u00f6ver 1 000 kilometer markerade vandringsleder. De flesta g\u00e5r inte att n\u00e5 med bil. Vissa har knappt ens ett namn. De b\u00e4sta upplevs i tystnad, med k\u00e4ngor, vatten och utan att lita p\u00e5 Google Maps helt och h\u00e5llet, eftersom t\u00e4ckningen i inlandet ofta \u00e4r obefintlig.<\/p>\n<h3 id=\"gr-130-runt-hela-on\">GR 130 \u2014 runt hela \u00f6n<\/h3>\n<p>L\u00e5ngdistansleden GR 130 g\u00e5r runt hela La Palma i 8 etapper, cirka 158 kilometer. De flesta bes\u00f6kare v\u00e4ljer tv\u00e5 eller tre delstr\u00e4ckor, och det r\u00e4cker f\u00f6r att f\u00e5 en tydlig bild av vad \u00f6n erbjuder. Etappen mellan Garaf\u00eda och Puntagorda \u00e4r en av de mest spektakul\u00e4ra i hela \u00f6gruppen, med djupa raviner och dramatiska vyer \u00f6ver nordv\u00e4stra delen av \u00f6n. Om du vill vandra ovanf\u00f6r molnen, med havet synligt p\u00e5 b\u00e5da sidor, \u00e4r det i st\u00e4llet GR 131, Ruta de la Crester\u00eda, du ska v\u00e4lja.<\/p>\n<h3 id=\"ruta-de-los-volcanes-vandringen-langs-den-sodra-bergsryggen\">Ruta de los Volcanes \u2014 vandringen l\u00e4ngs den s\u00f6dra bergsryggen<\/h3>\n<p>Det h\u00e4r \u00e4r La Palmas mest dramatiska vandring. Den startar vid Refugio El Pilar p\u00e5 1 350 meters h\u00f6jd och f\u00f6ljer Cumbre Vieja i ungef\u00e4r 17 kilometer till Los Canarios, med m\u00f6jlighet att forts\u00e4tta ytterligare 7 kilometer till Faro de Fuencaliente. P\u00e5 ena sidan: Atlanten, 1 000 meter l\u00e4ngre ner. P\u00e5 den andra: vulkankratrarna som har format s\u00f6dra delen av \u00f6n i \u00e5rhundraden. Tajogaite \u2014 vulkanen som fick sitt utbrott 2021 \u2014 syns fr\u00e5n flera punkter l\u00e4ngs v\u00e4gen.<\/p>\n<p>Tid: 6\u20137 timmar till Los Canarios. Sv\u00e5righetsgrad: medel till h\u00f6g. Det \u00e4r viktigt att starta tidigt f\u00f6r att undvika eftermiddagens dimma.<\/p>\n<h3 id=\"barranco-de-las-angustias\">Barranco de las Angustias<\/h3>\n<p>Den klassiska v\u00e4gen in till Caldera de Taburiente b\u00f6rjar vid Los Brecitos, dit man vanligtvis tar taxi fr\u00e5n Los Llanos, och g\u00e5r sedan ner genom kalderan till Barranco de las Angustias. Det h\u00e4r \u00e4r den enda vandringsleden som ger direkt tillg\u00e5ng till kalderans inre: 11 kilometer nedf\u00f6r mellan klippv\u00e4ggar som reser sig 300 meter, medan floden Angustias korsar leden flera g\u00e5nger. I slutet v\u00e4ntar Playa de Taburiente, en strandlik plats vid floden och kanske en av de tystaste milj\u00f6erna p\u00e5 hela Kanarie\u00f6arna.<\/p>\n<h3 id=\"fuentes-de-marcos-y-cordero\">Fuentes de Marcos y Cordero<\/h3>\n<p>I kommunen San Andr\u00e9s y Sauces, p\u00e5 norra delen av \u00f6n, springer tv\u00e5 k\u00e4llor bokstavligen rakt ur berget mitt inne i lagerskogen: Fuentes de Marcos y Cordero. Vattnet \u2014 omkring 20 000 liter i timmen \u2014 faller i kaskader och skapar ett mikroklimat med n\u00e4stan djungellik fukt och vegetation. Stigen dit, cirka 2 timmar tur och retur, g\u00e5r genom ett av de b\u00e4st bevarade lagerskogsomr\u00e5dena p\u00e5 Kanarie\u00f6arna.<\/p>\n<hr \/>\n<h2 id=\"volcanes\">Vulkaner: Tajogaite och vulkanrutten<\/h2>\n<p>La Palma \u00e4r Kanarie\u00f6arnas mest vulkaniskt aktiva \u00f6. Tajogaite \u2014 som under utbrottet ofta kallades &#8221;vulkanen p\u00e5 Cumbre Vieja&#8221; \u2014 blev aktiv den 19 september 2021 och slutade inte f\u00f6rr\u00e4n den 13 december: 85 dagar, 1 200 hektar t\u00e4ckta av lava och 7 000 evakuerade personer.<\/p>\n<p>I dag \u00e4r Tajogaite en av \u00f6ns st\u00f6rsta sev\u00e4rdheter. Lavaf\u00e4lten, som n\u00e5dde havet och skapade 48 hektar ny mark, kan upplevas fr\u00e5n flera utsiktsplatser och l\u00e4ngs leder som har iordningst\u00e4llts av Cabildo. Omr\u00e5dena La Bombilla och Puerto Naos \u00f6ppnas stegvis igen, med tilltr\u00e4de som regleras utifr\u00e5n m\u00e4tningar av CO\u2082 i marken \u2014 n\u00e5got som g\u00f6r dessa platser helt unika \u00e4ven ur ett geologiskt perspektiv.<\/p>\n<p><strong>Praktiska tips:<\/strong><br \/>\n&#8211; Centro de Interpretaci\u00f3n de las Cavidades Volc\u00e1nicas Ca\u00f1os de Fuego i Las Manchas, Los Llanos de Aridane, \u00e4r ett bra st\u00e4lle f\u00f6r att f\u00f6rst\u00e5 omr\u00e5dets vulkantunnlar; entr\u00e9avgift g\u00e4ller. Sj\u00e4lva vulkanen kan bara bes\u00f6kas med guidad tur.<br \/>\n&#8211; Mirador de Tajuya i El Paso ger den b\u00e4sta panoramautsikten \u00f6ver vulkankonen.<br \/>\n&#8211; Lederna genom lavaf\u00e4lten \u00e4r skyltade av Cabildo. Vissa delar ligger inom begr\u00e4nsade omr\u00e5den, s\u00e5 respektera avsp\u00e4rrningar och regler.<br \/>\n&#8211; B\u00e4sta tid p\u00e5 dagen \u00e4r p\u00e5 morgonen, innan dimman fr\u00e5n norr drar in.<\/p>\n<p>Den historiska Ruta de los Volcanes, allts\u00e5 leden som fanns f\u00f6re Tajogaite, passerar Tenegu\u00eda-kratern \u2014 den senaste vulkanen f\u00f6re 2021, med utbrott 1971 \u2014 och forts\u00e4tter genom Fuencaliente, d\u00e4r \u00e4ldre lavastr\u00f6mmar n\u00e5dde havet och d\u00e4r vinodlare planterade rankor i lapilli, den por\u00f6sa vulkanstenen. Det \u00e4r ocks\u00e5 h\u00e4r n\u00e5gra av v\u00e4rldens mest s\u00e4rpr\u00e4glade viner produceras.<\/p>\n<hr \/>\n<h2 id=\"astronomia\">Astronomi: Europas m\u00f6rkaste himmel<\/h2>\n<p>La Palma har haft en lag f\u00f6r att skydda natthimlen sedan 1988, en av de f\u00f6rsta i v\u00e4rlden. Den begr\u00e4nsar ljusf\u00f6roreningar \u00f6ver hela \u00f6n och g\u00f6r La Palma till den viktigaste Starlight-reserven i Atlanten.<\/p>\n<p>Observatorio del Roque de los Muchachos, p\u00e5 2 426 meters h\u00f6jd, \u00e4r det st\u00f6rsta astrofysiska centret p\u00e5 norra halvklotet. Teleskopen d\u00e4r \u2014 bland annat Gran Telescopio Canarias, med v\u00e4rldens st\u00f6rsta spegel p\u00e5 10,4 meter, plus ytterligare instrument fr\u00e5n internationella institutioner \u2014 \u00e4r inte \u00f6ppna f\u00f6r vanliga bes\u00f6k under ordinarie drift. D\u00e4remot erbjuds <strong>guidad dagtidstur<\/strong> \u00e5ret runt med f\u00f6rbokning, och i juli brukar det \u00e4ven finnas \u00f6ppet hus. Aktuella datum och bokning finns hos IAC: iac.es.<\/p>\n<p><strong>F\u00f6r dig som reser p\u00e5 egen hand:<\/strong><\/p>\n<p>Den b\u00e4sta astronomiupplevelsen p\u00e5 La Palma \u00e4r gratis och kr\u00e4ver ingen bokning: \u00e5k ut efter m\u00f6rkrets inbrott bort fr\u00e5n t\u00e4torterna. H\u00f6gomr\u00e5den som Roque de los Muchachos, La Cumbrecita och El Paso har minst ljusf\u00f6roreningar. Vintern och v\u00e5ren brukar ge de b\u00e4sta f\u00f6rh\u00e5llandena f\u00f6r klar himmel.<\/p>\n<p><strong>Med guide:<\/strong><\/p>\n<p>Flera lokala arrang\u00f6rer erbjuder astronomikv\u00e4llar med teleskop och guidning:<br \/>\n&#8211; <strong>Astrotours La Palma<\/strong>: 2\u20133 timmar l\u00e5nga sessioner fr\u00e5n fincor i h\u00f6glandet. Ungef\u00e4rligt pris: 30\u201340 \u20ac per person.<br \/>\n&#8211; Vissa \u00e4gare av lantliga boenden i h\u00f6gl\u00e4nta omr\u00e5den ordnar \u00e4ven privata observationskv\u00e4llar f\u00f6r sina g\u00e4ster.<\/p>\n<p><strong>Vad du kan se:<\/strong><br \/>\n&#8211; Januari\u2013mars: Orion, Orionnebulosan (M42), Plejaderna och Hyaderna<br \/>\n&#8211; April\u2013juni: Lejonet, Jungfrun och galaxerna i Coma Berenices<br \/>\n&#8211; Juli\u2013september: Vintergatan i sin mest spektakul\u00e4ra form, med det galaktiska centrumet synligt mot Skytten<br \/>\n&#8211; Oktober\u2013december: Andromedagalaxen (M31) och Dubbelhopen i Perseus<\/p>\n<hr \/>\n<p><img decoding=\"async\" alt=\"Sendero, La Palma\" src=\"https:\/\/casitascanarias.com\/blog\/wp-content\/uploads\/2026\/08\/manual__brand-center__2008-la-palma-fuente-melchora_8241f8b9.jpg\" \/><\/p>\n<h2 id=\"caldera\">Caldera de Taburiente: \u00f6ns hj\u00e4rta<\/h2>\n<p>Caldera de Taburiente \u00e4r en av Spaniens \u00e4ldsta nationalparker, grundad 1954. Det \u00e4r inte en vulkankrater utan en erosionskaldera: en \u00e5tta kilometer bred formation som under miljontals \u00e5r gr\u00f6pts ur av vind, regn och ras, med v\u00e4ggar som p\u00e5 vissa st\u00e4llen n\u00e5r 2 000 meter.<\/p>\n<p>Inne i kalderan finns ingen v\u00e4g. Bara stigar, tr\u00e4d och floden Angustias, som rinner genom botten och samlar upp vatten fr\u00e5n ravinerna l\u00e4ngs v\u00e4ggarna.<\/p>\n<p><strong>Tillfarter:<\/strong><\/p>\n<ol>\n<li>\n<p><strong>Via Barranco de las Angustias<\/strong> (fr\u00e5n Los Llanos de Aridane): 11 kilometers vandring l\u00e4ngs ravinens botten. Start fr\u00e5n parkeringen vid Barranco de Las Angustias. Fri tillg\u00e5ng utan bokning; tillst\u00e5nd kr\u00e4vs bara f\u00f6r camping.<\/p>\n<\/li>\n<li>\n<p><strong>Via La Cumbrecita<\/strong> (fr\u00e5n El Paso, med bil): utsiktsplats med vy \u00f6ver kalderans inre. H\u00e4rifr\u00e5n utg\u00e5r flera leder l\u00e4ngs den \u00f6vre kanten. Parkeringen m\u00e5ste bokas i f\u00f6rv\u00e4g utan kostnad via reservasparquesnacionales.es.<\/p>\n<\/li>\n<li>\n<p><strong>Via Roque de los Muchachos<\/strong> (norra h\u00f6glandet): en ryggled med utsikt \u00f6ver kalderan. Kr\u00e4ver b\u00e4ttre fysisk form.<\/p>\n<\/li>\n<\/ol>\n<p><strong>Bokning:<\/strong><\/p>\n<p>Parkeringen vid utsiktsplatsen La Cumbrecita har mycket begr\u00e4nsad kapacitet och m\u00e5ste bokas gratis \u00e5ret runt via reservasparquesnacionales.es f\u00f6r tilltr\u00e4de dagtid. Leden genom Barranco de las Angustias kr\u00e4ver ingen bokning; tillst\u00e5nd beh\u00f6vs endast om du vill \u00f6vernatta inne i parken.<\/p>\n<p><strong>Ta med dig:<\/strong> vandringsk\u00e4ngor eftersom underlaget kan vara halt, vatten f\u00f6r en hel dag, varmare kl\u00e4der eftersom temperaturen p\u00e5 h\u00f6g h\u00f6jd kan ligga 10\u201315 \u00b0C under kusttemperaturen, samt solskydd.<\/p>\n<hr \/>\n<h2 id=\"laurisilva\">Lagerskog: skogar fr\u00e5n terti\u00e4rtiden<\/h2>\n<p>Lagerskogen \u00e4r Kanarie\u00f6arnas \u00e4ldsta ekosystem och ett av de mest s\u00e4llsynta p\u00e5 planeten. Det \u00e4r en fuktig subtropisk skogstyp som en g\u00e5ng t\u00e4ckte s\u00f6dra Europa och norra Afrika f\u00f6r omkring 40 miljoner \u00e5r sedan och som bara \u00f6verlevde i de makaronesiska \u00f6grupperna \u2014 Kanarie\u00f6arna, Azorerna, Madeira och Kap Verde \u2014 n\u00e4r istiderna kylde ner kontinenten.<\/p>\n<p>P\u00e5 La Palma finns de finaste lagerskogsomr\u00e5dena i norra delen av \u00f6n, s\u00e4rskilt kring Garaf\u00eda, San Andr\u00e9s y Sauces och Barlovento, samt p\u00e5 de inre sluttningarna av Caldera de Taburiente.<\/p>\n<p><strong>K\u00e4nnetecken:<\/strong><br \/>\n&#8211; J\u00e4mn temperatur: mellan 12 \u00b0C och 22 \u00b0C \u00e5ret runt<br \/>\n&#8211; Mycket h\u00f6g luftfuktighet: tr\u00e4den f\u00e5ngar upp dimman, det som ofta kallas &#8221;horisontellt vatten&#8221;<br \/>\n&#8211; Dominerande flora: kanarisk lager (<em>Laurus novocanariensis<\/em>), til, vi\u00f1\u00e1tigo, vildapelsin och tr\u00e4dljung som kan bli upp till 10 meter h\u00f6g<br \/>\n&#8211; Fauna: lagerduva (<em>Columba bolli<\/em>) och l\u00e5ngn\u00e4bbsduva (<em>Columba junoniae<\/em>), b\u00e5da endemiska f\u00f6r den kanariska lagerskogen<\/p>\n<p><strong>Rekommenderade leder:<\/strong><br \/>\n&#8211; <strong>Bosque de Los Tilos<\/strong> (San Andr\u00e9s y Sauces), Kanarie\u00f6arnas f\u00f6rsta biosf\u00e4rreservat fr\u00e5n 1983: leder utg\u00e5r fr\u00e5n bes\u00f6kscentret<br \/>\n&#8211; <strong>Fuentes de Marcos y Cordero<\/strong> (San Andr\u00e9s y Sauces): se avsnittet om vandring<br \/>\n&#8211; <strong>Bosque de La Galga<\/strong>: n\u00e5s fr\u00e5n v\u00e4gen LP-1 i kommunen Puntallana<\/p>\n<hr \/>\n<h2 id=\"vino\">Vulkanvin: DO La Palma<\/h2>\n<p>Ursprungsbeteckningen DO La Palma producerar viner i tre mycket olika delomr\u00e5den: Fuencaliente med nyare lava och lapillijordar, Hoyo de Mazo med r\u00f6da h\u00f6gh\u00f6jdsjordar och norra La Palma, d\u00e4r n\u00e5gra av Spaniens v\u00e4stligaste ving\u00e5rdar ligger.<\/p>\n<p>Det som g\u00f6r palmavinet s\u00e5 speciellt \u00e4r terroiren i Fuencaliente: vinrankorna v\u00e4xer i lapillif\u00e4lt, allts\u00e5 por\u00f6s vulkansten, ovanp\u00e5 lava fr\u00e5n 1600- och 1700-talen samt fr\u00e5n Tenegu\u00edas utbrott 1971. Phylloxera f\u00f6rekommer inte i dessa jordar \u2014 de skadedjur som \u00f6delade Europas vinodlingar p\u00e5 1800-talet \u00f6verlever inte i lapilli. Det inneb\u00e4r att m\u00e5nga av rankorna p\u00e5 La Palma \u00e4r mer \u00e4n 100 \u00e5r gamla, oympade och v\u00e4xande p\u00e5 egen rot.<\/p>\n<p><strong>Ving\u00e5rdar som \u00e4r v\u00e4rda ett bes\u00f6k:<\/strong><br \/>\n&#8211; <strong>Bodegas Tenegu\u00eda<\/strong> (kooperativet Llanovid, Fuencaliente): \u00f6ns mest k\u00e4nda vinproducent, bes\u00f6k efter bokning, s\u00e4rskilt uppskattad f\u00f6r sina vita albilloviner.<br \/>\n&#8211; <strong>El N\u00edspero<\/strong> (Garaf\u00eda, i norr): liten familjeproduktion som \u00e4r sv\u00e5r att hitta utanf\u00f6r \u00f6n.<\/p>\n<p><strong>Vino de Tea:<\/strong><br \/>\nVino de Tea \u00e4r en unik specialitet fr\u00e5n norra La Palma: r\u00f6tt vin lagrat i fat av kanarisk tall, d\u00e4r &#8221;tea&#8221; syftar p\u00e5 den k\u00e5drika k\u00e4rnveden fr\u00e5n <em>Pinus canariensis<\/em>. Resultatet \u00e4r ett vin med hartsiga aromer som inte g\u00e5r att \u00e5terskapa n\u00e5gon annanstans i v\u00e4rlden. Det \u00e4r inte ett vin f\u00f6r alla, men det \u00e4r en gastronomisk upplevelse som \u00e4r helt unik f\u00f6r platsen.<\/p>\n<p><strong>Var du kan dricka vin p\u00e5 La Palma:<\/strong><br \/>\nN\u00e4stan alla restauranger i Los Llanos de Aridane och Santa Cruz de La Palma serverar lokala viner p\u00e5 glas. De s\u00e5 kallade <em>bodegas de cosechero<\/em> \u2014 sm\u00e5 hantverksproducenter utan kommersiell etikett \u2014 \u00e4r vanliga i s\u00f6dra kommunerna och s\u00e4ljer ofta sitt eget vin i st\u00f6rre k\u00e4rl att ta med.<\/p>\n<hr \/>\n<p><img decoding=\"async\" alt=\"Paisaje, La Palma\" src=\"https:\/\/casitascanarias.com\/blog\/wp-content\/uploads\/2026\/08\/manual__brand-center__271656-10151298272650690-1668024109-o_96d16a4e.jpg\" \/><\/p>\n<h2 id=\"gastronomia\">Gastronomi: vad du m\u00e5ste prova<\/h2>\n<p>Det palmenska k\u00f6ket \u00e4r \u00f6verlevnadsmat som har blivit njutning. Produkter som en g\u00e5ng odlades och tillverkades av n\u00f6dv\u00e4ndighet \u2014 s\u00f6tpotatis, gofio, banan och ost \u2014 har blivit kulinariska k\u00e4nnetecken som \u00e4r sv\u00e5ra att hitta n\u00e5gon annanstans.<\/p>\n<p><strong>Det h\u00e4r ska du inte missa:<\/strong><\/p>\n<p><strong>Gofio<\/strong>: rostat mj\u00f6l av spannm\u00e5l som vete, majs och korn, och en av Kanarie\u00f6arnas \u00e4ldsta basvaror. Det anv\u00e4nds i grytor, <em>escald\u00f3n<\/em> (en gofior\u00e4tt med buljong), kompakta degblandningar som \u00e4ts ungef\u00e4r som br\u00f6d och \u00e4ven i glass. Gofioglass fr\u00e5n La Palma \u00e4r sv\u00e5r att hitta utanf\u00f6r \u00f6n.<\/p>\n<p><strong>Truchas med s\u00f6tpotatis och mandel<\/strong>: friterade s\u00f6ta piroger fyllda med kanderad s\u00f6tpotatis eller malen mandel. Traditionellt f\u00f6rknippade med julen, men finns ofta \u00e5ret runt i lokala bagerier. Ett v\u00e4lk\u00e4nt stopp \u00e4r Panader\u00eda Garc\u00eda i Los Llanos.<\/p>\n<p><strong>R\u00f6kt palmansk ost<\/strong>: r\u00e5mj\u00f6lksost av get, med skyddad ursprungsbeteckning DOP Queso Palmero, r\u00f6kt med mandelskal, torkade kaktusblad eller tallbarr. R\u00f6kningen ger en smakprofil som \u00e4r sv\u00e5r att hitta n\u00e5gon annanstans. K\u00f6p g\u00e4rna direkt fr\u00e5n mejerier som ing\u00e5r i DOP Queso Palmero, listade p\u00e5 quesopalmero.es.<\/p>\n<p><strong>Miel de palma<\/strong>: det \u00e4r inte bihonung, utan sav fr\u00e5n den kanariska dadelpalmen (<em>Phoenix canariensis<\/em>) som kokas ner tills den f\u00e5r karamellkonsistens. Smaken ligger n\u00e5gonstans mellan melass och m\u00f6rk karamell. Produkten kommer ursprungligen fr\u00e5n La Gomera, men \u00e4r l\u00e4tt att hitta \u00e4ven p\u00e5 La Palma. Leta i g\u00e5rdsbutiker eller p\u00e5 marknaden i Los Llanos.<\/p>\n<p><strong>Almogrote<\/strong>: en kryddig r\u00f6ra av lagrad ost, tomat och chili. Den kommer fr\u00e5n La Gomera men \u00e4r mycket popul\u00e4r \u00e4ven p\u00e5 La Palma. Den \u00e4ts ofta med <em>papas arrugadas<\/em> eller rostat br\u00f6d.<\/p>\n<p><strong>Papas arrugadas med mojo<\/strong>: den klassiska kanariska r\u00e4tten. P\u00e5 La Palma serveras den ofta med gr\u00f6n koriandermojo, som \u00e4r mildare \u00e4n den r\u00f6da, eller med mojo palmero med spiskummin och paprikapulver.<\/p>\n<p><strong>Marknader:<\/strong><br \/>\n&#8211; <strong>Mercado Municipal de Los Llanos de Aridane<\/strong> (tisdagar och l\u00f6rdagar p\u00e5 morgonen): \u00f6ns st\u00f6rsta marknad med lokala odlare<br \/>\n&#8211; <strong>Mercado de Santa Cruz de La Palma<\/strong> (torsdagar och s\u00f6ndagar): mindre marknad i den historiska stadsk\u00e4rnan<\/p>\n<hr \/>\n<h2 id=\"playas\">Str\u00e4nder: kust av lava och svart sand<\/h2>\n<p>Str\u00e4nderna p\u00e5 La Palma \u00e4r inte som str\u00e4nderna p\u00e5 Fuerteventura eller i s\u00f6dra Gran Canaria. H\u00e4r handlar det om svart sand, m\u00f6rk vulkansand, basaltsten, v\u00e5gor fr\u00e5n norra Atlanten och ibland naturliga havsbass\u00e4nger uthuggna i klippan.<\/p>\n<p><strong>Bra att veta innan du \u00e5ker:<\/strong><\/p>\n<ul>\n<li>Puerto Naos, den mest k\u00e4nda stranden p\u00e5 v\u00e4stsidan, \u00f6ppnas gradvis igen efter utbrottet 2021, med tilltr\u00e4de som regleras utifr\u00e5n m\u00e4tningar av vulkanisk CO\u2082. Kontrollera l\u00e4get innan du \u00e5ker via cabildodelapalma.es.<\/li>\n<li>Str\u00e4nderna i norr \u00e4r svalare och har ofta starkare str\u00f6mmar.<\/li>\n<li>Str\u00e4nderna i s\u00f6der har vanligtvis varmare vatten, s\u00e4rskilt Echentive och Playa Zamora i Fuencaliente.<\/li>\n<\/ul>\n<p><strong>B\u00e4sta l\u00e4ttillg\u00e4ngliga str\u00e4nderna:<\/strong><\/p>\n<p><strong>Charco Verde<\/strong> (Los Llanos de Aridane): strand med m\u00f6rk sand och sten i en skyddad vik. Lugnt tempo och bra f\u00f6r snorkling. N\u00e5s via en stig p\u00e5 cirka 15 minuter fr\u00e5n parkeringen. I praktiken en naturiststrand.<\/p>\n<p><strong>Tazacorte<\/strong> (Villa y Puerto de Tazacorte): svart vulkansand och n\u00e4stan 2 kilometer l\u00e5ng, vilket g\u00f6r den till en av \u00f6ns l\u00e4ngsta str\u00e4nder. H\u00e4r finns flest servicealternativ: strandbarer, restauranger och promenadstr\u00e5k. Under sommaren finns livr\u00e4ddare.<\/p>\n<p><strong>Los Cancajos<\/strong> (Bre\u00f1a Baja): 5 kilometer fr\u00e5n Santa Cruz de La Palma och huvudstadens stadsstrand. Naturliga havsbass\u00e4nger, skyddat vatten och bra infrastruktur med duschar och uthyrning av snorkelutrustning.<\/p>\n<p><strong>Punta de Fuencaliente<\/strong> (vulkanomr\u00e5det): egentligen inte en traditionell strand utan en plattform av relativt ny lava fr\u00e5n Tenegu\u00eda. Lavagroparna bildar naturliga bass\u00e4nger med kristallklart vatten. En av \u00f6ns mest fotogeniska platser.<\/p>\n<hr \/>\n<h2 id=\"cultura\">Kultur: Santa Cruz, karnevalen och Los Indianos<\/h2>\n<p><strong>Santa Cruz de La Palma<\/strong><\/p>\n<p>La Palmas huvudstad \u00e4r en av de vackraste st\u00e4derna i hela Kanarie\u00f6arna och ocks\u00e5 en av de mest charmiga i Spanien. Den historiska stadsk\u00e4rnan, som fick status som kulturhistoriskt skyddsomr\u00e5de 1973, samlar arkitektur fr\u00e5n 1500- till 1700-talet: Calle Real, stadens huvudgata f\u00f6r fotg\u00e4ngare, kyrkan El Salvador fr\u00e5n 1500-talet, Castillo de Santa Catalina och de rikt snidade tr\u00e4balkongerna p\u00e5 de gamla emigranthusen.<\/p>\n<p>Museo Naval de Santa Cruz rymmer en exakt kopia i skala 1:1 av <em>Santa Mar\u00eda<\/em>, Columbus flaggskepp. En ovanlig sev\u00e4rdhet som staden n\u00e4stan r\u00e5kade f\u00e5 genom historien.<\/p>\n<p><strong>Los Indianos: Kanarie\u00f6arnas mest originella karneval<\/strong><\/p>\n<p>Los Indianos \u00e4r namnet p\u00e5 karnevalsfesten i Santa Cruz de La Palma, och den \u00e4r unik i v\u00e4rlden. P\u00e5 karnevalsm\u00e5ndagen kl\u00e4r sig tusentals m\u00e4nniskor i vitt som en hyllning till palmenska emigranter som reste till Kuba och \u00e5terv\u00e4nde f\u00f6rm\u00f6gna under 1800-talet. Festen kulminerar i ett slag med talkpuder d\u00e4r deltagarna bokstavligen t\u00e4cks av vitt fr\u00e5n topp till t\u00e5.<\/p>\n<p>N\u00e4sta upplaga h\u00e5lls i februari 2027.<\/p>\n<p><strong>La Bajada de la Virgen de las Nieves<\/strong><\/p>\n<p>Vart femte \u00e5r, allts\u00e5 \u00e5r som \u00e4r j\u00e4mnt delbara med fem som 2025 och 2030, firar La Palma La Bajada de la Virgen de las Nieves, en av Spaniens mest s\u00e4rpr\u00e4glade folkfester. Jungfrubilden f\u00f6rs i procession fr\u00e5n helgedomen ner till huvudstaden i en flera kilometer l\u00e5ng f\u00e4rd som kan ta timmar. Veckorna f\u00f6re fylls av teaterf\u00f6rest\u00e4llningar, parader och den ber\u00f6mda Danza de los Enanos.<\/p>\n<hr \/>\n<h2 id=\"organizar\">S\u00e5 planerar du en vecka p\u00e5 La Palma<\/h2>\n<p>Sju dagar r\u00e4cker f\u00f6r att uppleva La Palma ordentligt om du planerar smart. De vanligaste misstagen \u00e4r att f\u00f6rs\u00f6ka korsa \u00f6n med bil varje dag \u2014 v\u00e4garna \u00e4r l\u00e5ngsamma och avst\u00e5nden k\u00e4nns l\u00e4ngre \u00e4n de ser ut \u2014 och att l\u00e4mna vulkanen och observatoriet till slutet av resan n\u00e4r v\u00e4dret kanske inte samarbetar.<\/p>\n<p><strong>Rekommenderat uppl\u00e4gg:<\/strong><\/p>\n<p><strong>Dag 1\u20132:<\/strong> S\u00f6dra delen av \u00f6n. Ankomst och acklimatisering. Ruta de los Volcanes tidigt p\u00e5 morgonen. Bes\u00f6k ving\u00e5rdar i Fuencaliente p\u00e5 eftermiddagen. Middag i Los Llanos de Aridane.<\/p>\n<p><strong>Dag 3:<\/strong> Caldera de Taburiente. Tillg\u00e5ng via La Cumbrecita med gratis f\u00f6rbokad parkering eller nedstigning via Barranco de las Angustias utan bokning. Vila p\u00e5 eftermiddagen.<\/p>\n<p><strong>Dag 4:<\/strong> Norra delen av \u00f6n. Fuentes de Marcos y Cordero, Bosque de Los Tilos och Garaf\u00eda. \u00c5terresa via bergsv\u00e4gen.<\/p>\n<p><strong>Dag 5:<\/strong> Santa Cruz de La Palma. Promenad i den historiska stadsk\u00e4rnan, marknad och Museo Naval.<\/p>\n<p><strong>Dag 6:<\/strong> Astronomikv\u00e4ll. K\u00f6r upp till Roque de los Muchachos eller h\u00f6gzonen vid El Paso. Boka g\u00e4rna en session med lokal arrang\u00f6r i f\u00f6rv\u00e4g. \u00d6vernatta g\u00e4rna i ett lantligt boende p\u00e5 h\u00f6g h\u00f6jd f\u00f6r att f\u00e5 ut det mesta av himlen.<\/p>\n<p><strong>Dag 7:<\/strong> Str\u00e4nder och vila. Los Cancajos, Charco Verde eller Tazacorte beroende p\u00e5 vind och havsf\u00f6rh\u00e5llanden.<\/p>\n<p><strong>Boende:<\/strong><\/p>\n<p>Den b\u00e4sta basen f\u00f6r att uppt\u00e4cka La Palma utan att flytta runt eller k\u00f6ra kors och tv\u00e4rs varje dag \u00e4r ett lantligt boende i mellanzonen mellan Los Llanos de Aridane och El Paso. D\u00e4rifr\u00e5n ligger alla viktiga delar av \u00f6n inom ungef\u00e4r 45 minuter.<\/p>\n<p>F\u00f6r en vecka mellan januari och april \u00e4r mellanzonen p\u00e5 cirka 700\u2013900 meters h\u00f6jd oftast det b\u00e4sta valet: temperaturen \u00e4r behaglig, lagerskogen visar sig fr\u00e5n sin finaste sida och risken f\u00f6r regn \u00e4r relativt l\u00e5g.<\/p>\n<p>Om du letar efter ett lantligt boende p\u00e5 La Palma f\u00f6r att planera din resa g\u00e5r <a href=\"\/blog\/sv\/lantligt-boende-la-palma\/\">guiden till lantligt boende p\u00e5 La Palma<\/a> igenom allt du beh\u00f6ver veta om omr\u00e5den, priser och vad som passar b\u00e4st beroende p\u00e5 vilken typ av resa du vill g\u00f6ra.<\/p>\n<hr \/>\n<p><em>Casitas Canarias f\u00f6rvaltar lantliga boenden och semesterbost\u00e4der p\u00e5 La Palma, Gran Canaria och Fuerteventura. Mer information finns p\u00e5 <a href=\"https:\/\/casitascanarias.com\">casitascanarias.com<\/a>.<\/em><\/p>\n","protected":false},"excerpt":{"rendered":"<p>Vad man kan g\u00f6ra p\u00e5 La Palma: vandra i Caldera de Taburiente, se Tajogaite, uppleva stj\u00e4rnhimlen vid Roque de los Muchachos och njuta av lokal gastronomi. Komplett guide.<\/p>\n","protected":false},"author":2,"featured_media":161,"comment_status":"closed","ping_status":"closed","sticky":false,"template":"","format":"standard","meta":{"_yoast_wpseo_focuskw":"vad man kan g\u00f6ra p\u00e5 la palma","_yoast_wpseo_title":"Vad man kan g\u00f6ra p\u00e5 La Palma: vulkaner, stj\u00e4rnhimmel och natur 2026","_yoast_wpseo_metadesc":"Vad man kan g\u00f6ra p\u00e5 La Palma: vandra i Caldera de Taburiente, se Tajogaite, uppleva stj\u00e4rnhimlen vid Roque de los Muchachos och njuta av lokal gastronomi. Komplett guide.","footnotes":""},"categories":[24],"tags":[256,259,262,263,261,260],"class_list":["post-185","post","type-post","status-publish","format-standard","has-post-thumbnail","hentry","category-guias","tag-caldera-de-taburiente","tag-la-palma-sevardheter","tag-stjarnskadning-la-palma","tag-strander-la-palma","tag-tajogaite-la-palma","tag-vandring-la-palma"],"yoast_head":"<!-- This site is optimized with the Yoast SEO plugin v27.6 - https:\/\/yoast.com\/product\/yoast-seo-wordpress\/ -->\n<title>Vad man kan g\u00f6ra p\u00e5 La Palma: vulkaner, stj\u00e4rnhimmel och natur 2026<\/title>\n<meta name=\"description\" content=\"Vad man kan g\u00f6ra p\u00e5 La Palma: vandra i Caldera de Taburiente, se Tajogaite, uppleva stj\u00e4rnhimlen vid Roque de los Muchachos och njuta av lokal gastronomi. Komplett guide.\" \/>\n<meta name=\"robots\" content=\"index, follow, max-snippet:-1, max-image-preview:large, max-video-preview:-1\" \/>\n<link rel=\"canonical\" href=\"https:\/\/casitascanarias.com\/blog\/sv\/vad-man-kan-gora-la-palma-vulkaner-stjarnor-natur\/\" \/>\n<meta property=\"og:locale\" content=\"sv_SE\" \/>\n<meta property=\"og:type\" content=\"article\" \/>\n<meta property=\"og:title\" content=\"Vad man kan g\u00f6ra p\u00e5 La Palma: vulkaner, stj\u00e4rnhimmel och natur 2026\" \/>\n<meta property=\"og:description\" content=\"Vad man kan g\u00f6ra p\u00e5 La Palma: vandra i Caldera de Taburiente, se Tajogaite, uppleva stj\u00e4rnhimlen vid Roque de los Muchachos och njuta av lokal gastronomi. Komplett guide.\" \/>\n<meta property=\"og:url\" content=\"https:\/\/casitascanarias.com\/blog\/sv\/vad-man-kan-gora-la-palma-vulkaner-stjarnor-natur\/\" \/>\n<meta property=\"og:site_name\" content=\"Blog\" \/>\n<meta property=\"article:published_time\" content=\"2026-08-21T00:18:54+00:00\" \/>\n<meta property=\"og:image\" content=\"https:\/\/casitascanarias.com\/blog\/wp-content\/uploads\/2026\/08\/manual__brand-center__caldera-de-taburiente-la-palma_1008074c.jpg\" \/>\n\t<meta property=\"og:image:width\" content=\"1600\" \/>\n\t<meta property=\"og:image:height\" content=\"1200\" \/>\n\t<meta property=\"og:image:type\" content=\"image\/jpeg\" \/>\n<meta name=\"author\" content=\"casitascanarias\" \/>\n<meta name=\"twitter:card\" content=\"summary_large_image\" \/>\n<meta name=\"twitter:label1\" content=\"Skriven av\" \/>\n\t<meta name=\"twitter:data1\" content=\"casitascanarias\" \/>\n\t<meta name=\"twitter:label2\" content=\"Ber\u00e4knad l\u00e4stid\" \/>\n\t<meta name=\"twitter:data2\" content=\"17 minuter\" \/>\n<script type=\"application\/ld+json\" class=\"yoast-schema-graph\">{\"@context\":\"https:\\\/\\\/schema.org\",\"@graph\":[{\"@type\":\"Article\",\"@id\":\"https:\\\/\\\/casitascanarias.com\\\/blog\\\/sv\\\/vad-man-kan-gora-la-palma-vulkaner-stjarnor-natur\\\/#article\",\"isPartOf\":{\"@id\":\"https:\\\/\\\/casitascanarias.com\\\/blog\\\/sv\\\/vad-man-kan-gora-la-palma-vulkaner-stjarnor-natur\\\/\"},\"author\":{\"name\":\"casitascanarias\",\"@id\":\"https:\\\/\\\/casitascanarias.com\\\/blog\\\/sv\\\/#\\\/schema\\\/person\\\/5ae39d6f67c8f46bcb83ab1baacb22d2\"},\"headline\":\"Vad man kan g\u00f6ra p\u00e5 La Palma: vulkaner, stj\u00e4rnhimmel och \u00e4kta natur\",\"datePublished\":\"2026-08-21T00:18:54+00:00\",\"mainEntityOfPage\":{\"@id\":\"https:\\\/\\\/casitascanarias.com\\\/blog\\\/sv\\\/vad-man-kan-gora-la-palma-vulkaner-stjarnor-natur\\\/\"},\"wordCount\":3494,\"image\":{\"@id\":\"https:\\\/\\\/casitascanarias.com\\\/blog\\\/sv\\\/vad-man-kan-gora-la-palma-vulkaner-stjarnor-natur\\\/#primaryimage\"},\"thumbnailUrl\":\"https:\\\/\\\/casitascanarias.com\\\/blog\\\/wp-content\\\/uploads\\\/2026\\\/08\\\/manual__brand-center__caldera-de-taburiente-la-palma_1008074c.jpg\",\"keywords\":[\"Caldera de Taburiente\",\"la palma sev\u00e4rdheter\",\"stj\u00e4rnsk\u00e5dning la palma\",\"str\u00e4nder la palma\",\"tajogaite la palma\",\"vandring la palma\"],\"articleSection\":[\"Gu\u00edas\"],\"inLanguage\":\"sv-SE\"},{\"@type\":\"WebPage\",\"@id\":\"https:\\\/\\\/casitascanarias.com\\\/blog\\\/sv\\\/vad-man-kan-gora-la-palma-vulkaner-stjarnor-natur\\\/\",\"url\":\"https:\\\/\\\/casitascanarias.com\\\/blog\\\/sv\\\/vad-man-kan-gora-la-palma-vulkaner-stjarnor-natur\\\/\",\"name\":\"Vad man kan g\u00f6ra p\u00e5 La Palma: vulkaner, stj\u00e4rnhimmel och natur 2026\",\"isPartOf\":{\"@id\":\"https:\\\/\\\/casitascanarias.com\\\/blog\\\/sv\\\/#website\"},\"primaryImageOfPage\":{\"@id\":\"https:\\\/\\\/casitascanarias.com\\\/blog\\\/sv\\\/vad-man-kan-gora-la-palma-vulkaner-stjarnor-natur\\\/#primaryimage\"},\"image\":{\"@id\":\"https:\\\/\\\/casitascanarias.com\\\/blog\\\/sv\\\/vad-man-kan-gora-la-palma-vulkaner-stjarnor-natur\\\/#primaryimage\"},\"thumbnailUrl\":\"https:\\\/\\\/casitascanarias.com\\\/blog\\\/wp-content\\\/uploads\\\/2026\\\/08\\\/manual__brand-center__caldera-de-taburiente-la-palma_1008074c.jpg\",\"datePublished\":\"2026-08-21T00:18:54+00:00\",\"author\":{\"@id\":\"https:\\\/\\\/casitascanarias.com\\\/blog\\\/sv\\\/#\\\/schema\\\/person\\\/5ae39d6f67c8f46bcb83ab1baacb22d2\"},\"description\":\"Vad man kan g\u00f6ra p\u00e5 La Palma: vandra i Caldera de Taburiente, se Tajogaite, uppleva stj\u00e4rnhimlen vid Roque de los Muchachos och njuta av lokal gastronomi. Komplett guide.\",\"breadcrumb\":{\"@id\":\"https:\\\/\\\/casitascanarias.com\\\/blog\\\/sv\\\/vad-man-kan-gora-la-palma-vulkaner-stjarnor-natur\\\/#breadcrumb\"},\"inLanguage\":\"sv-SE\",\"potentialAction\":[{\"@type\":\"ReadAction\",\"target\":[\"https:\\\/\\\/casitascanarias.com\\\/blog\\\/sv\\\/vad-man-kan-gora-la-palma-vulkaner-stjarnor-natur\\\/\"]}]},{\"@type\":\"ImageObject\",\"inLanguage\":\"sv-SE\",\"@id\":\"https:\\\/\\\/casitascanarias.com\\\/blog\\\/sv\\\/vad-man-kan-gora-la-palma-vulkaner-stjarnor-natur\\\/#primaryimage\",\"url\":\"https:\\\/\\\/casitascanarias.com\\\/blog\\\/wp-content\\\/uploads\\\/2026\\\/08\\\/manual__brand-center__caldera-de-taburiente-la-palma_1008074c.jpg\",\"contentUrl\":\"https:\\\/\\\/casitascanarias.com\\\/blog\\\/wp-content\\\/uploads\\\/2026\\\/08\\\/manual__brand-center__caldera-de-taburiente-la-palma_1008074c.jpg\",\"width\":1600,\"height\":1200},{\"@type\":\"BreadcrumbList\",\"@id\":\"https:\\\/\\\/casitascanarias.com\\\/blog\\\/sv\\\/vad-man-kan-gora-la-palma-vulkaner-stjarnor-natur\\\/#breadcrumb\",\"itemListElement\":[{\"@type\":\"ListItem\",\"position\":1,\"name\":\"Home\",\"item\":\"https:\\\/\\\/casitascanarias.com\\\/blog\\\/sv\\\/\"},{\"@type\":\"ListItem\",\"position\":2,\"name\":\"Vad man kan g\u00f6ra p\u00e5 La Palma: vulkaner, stj\u00e4rnhimmel och \u00e4kta natur\"}]},{\"@type\":\"WebSite\",\"@id\":\"https:\\\/\\\/casitascanarias.com\\\/blog\\\/sv\\\/#website\",\"url\":\"https:\\\/\\\/casitascanarias.com\\\/blog\\\/sv\\\/\",\"name\":\"Blog\",\"description\":\"Casitascanarias\",\"potentialAction\":[{\"@type\":\"SearchAction\",\"target\":{\"@type\":\"EntryPoint\",\"urlTemplate\":\"https:\\\/\\\/casitascanarias.com\\\/blog\\\/sv\\\/?s={search_term_string}\"},\"query-input\":{\"@type\":\"PropertyValueSpecification\",\"valueRequired\":true,\"valueName\":\"search_term_string\"}}],\"inLanguage\":\"sv-SE\"},{\"@type\":\"Person\",\"@id\":\"https:\\\/\\\/casitascanarias.com\\\/blog\\\/sv\\\/#\\\/schema\\\/person\\\/5ae39d6f67c8f46bcb83ab1baacb22d2\",\"name\":\"casitascanarias\",\"image\":{\"@type\":\"ImageObject\",\"inLanguage\":\"sv-SE\",\"@id\":\"https:\\\/\\\/secure.gravatar.com\\\/avatar\\\/94a64690a57361123f7289ce44d25670cdcdc453ed9da3ab748f3179ab1550be?s=96&d=mm&r=g\",\"url\":\"https:\\\/\\\/secure.gravatar.com\\\/avatar\\\/94a64690a57361123f7289ce44d25670cdcdc453ed9da3ab748f3179ab1550be?s=96&d=mm&r=g\",\"contentUrl\":\"https:\\\/\\\/secure.gravatar.com\\\/avatar\\\/94a64690a57361123f7289ce44d25670cdcdc453ed9da3ab748f3179ab1550be?s=96&d=mm&r=g\",\"caption\":\"casitascanarias\"},\"url\":\"https:\\\/\\\/casitascanarias.com\\\/blog\\\/sv\\\/author\\\/casitascanarias\\\/\"}]}<\/script>\n<!-- \/ Yoast SEO plugin. -->","yoast_head_json":{"title":"Vad man kan g\u00f6ra p\u00e5 La Palma: vulkaner, stj\u00e4rnhimmel och natur 2026","description":"Vad man kan g\u00f6ra p\u00e5 La Palma: vandra i Caldera de Taburiente, se Tajogaite, uppleva stj\u00e4rnhimlen vid Roque de los Muchachos och njuta av lokal gastronomi. Komplett guide.","robots":{"index":"index","follow":"follow","max-snippet":"max-snippet:-1","max-image-preview":"max-image-preview:large","max-video-preview":"max-video-preview:-1"},"canonical":"https:\/\/casitascanarias.com\/blog\/sv\/vad-man-kan-gora-la-palma-vulkaner-stjarnor-natur\/","og_locale":"sv_SE","og_type":"article","og_title":"Vad man kan g\u00f6ra p\u00e5 La Palma: vulkaner, stj\u00e4rnhimmel och natur 2026","og_description":"Vad man kan g\u00f6ra p\u00e5 La Palma: vandra i Caldera de Taburiente, se Tajogaite, uppleva stj\u00e4rnhimlen vid Roque de los Muchachos och njuta av lokal gastronomi. Komplett guide.","og_url":"https:\/\/casitascanarias.com\/blog\/sv\/vad-man-kan-gora-la-palma-vulkaner-stjarnor-natur\/","og_site_name":"Blog","article_published_time":"2026-08-21T00:18:54+00:00","og_image":[{"width":1600,"height":1200,"url":"https:\/\/casitascanarias.com\/blog\/wp-content\/uploads\/2026\/08\/manual__brand-center__caldera-de-taburiente-la-palma_1008074c.jpg","type":"image\/jpeg"}],"author":"casitascanarias","twitter_card":"summary_large_image","twitter_misc":{"Skriven av":"casitascanarias","Ber\u00e4knad l\u00e4stid":"17 minuter"},"schema":{"@context":"https:\/\/schema.org","@graph":[{"@type":"Article","@id":"https:\/\/casitascanarias.com\/blog\/sv\/vad-man-kan-gora-la-palma-vulkaner-stjarnor-natur\/#article","isPartOf":{"@id":"https:\/\/casitascanarias.com\/blog\/sv\/vad-man-kan-gora-la-palma-vulkaner-stjarnor-natur\/"},"author":{"name":"casitascanarias","@id":"https:\/\/casitascanarias.com\/blog\/sv\/#\/schema\/person\/5ae39d6f67c8f46bcb83ab1baacb22d2"},"headline":"Vad man kan g\u00f6ra p\u00e5 La Palma: vulkaner, stj\u00e4rnhimmel och \u00e4kta natur","datePublished":"2026-08-21T00:18:54+00:00","mainEntityOfPage":{"@id":"https:\/\/casitascanarias.com\/blog\/sv\/vad-man-kan-gora-la-palma-vulkaner-stjarnor-natur\/"},"wordCount":3494,"image":{"@id":"https:\/\/casitascanarias.com\/blog\/sv\/vad-man-kan-gora-la-palma-vulkaner-stjarnor-natur\/#primaryimage"},"thumbnailUrl":"https:\/\/casitascanarias.com\/blog\/wp-content\/uploads\/2026\/08\/manual__brand-center__caldera-de-taburiente-la-palma_1008074c.jpg","keywords":["Caldera de Taburiente","la palma sev\u00e4rdheter","stj\u00e4rnsk\u00e5dning la palma","str\u00e4nder la palma","tajogaite la palma","vandring la palma"],"articleSection":["Gu\u00edas"],"inLanguage":"sv-SE"},{"@type":"WebPage","@id":"https:\/\/casitascanarias.com\/blog\/sv\/vad-man-kan-gora-la-palma-vulkaner-stjarnor-natur\/","url":"https:\/\/casitascanarias.com\/blog\/sv\/vad-man-kan-gora-la-palma-vulkaner-stjarnor-natur\/","name":"Vad man kan g\u00f6ra p\u00e5 La Palma: vulkaner, stj\u00e4rnhimmel och natur 2026","isPartOf":{"@id":"https:\/\/casitascanarias.com\/blog\/sv\/#website"},"primaryImageOfPage":{"@id":"https:\/\/casitascanarias.com\/blog\/sv\/vad-man-kan-gora-la-palma-vulkaner-stjarnor-natur\/#primaryimage"},"image":{"@id":"https:\/\/casitascanarias.com\/blog\/sv\/vad-man-kan-gora-la-palma-vulkaner-stjarnor-natur\/#primaryimage"},"thumbnailUrl":"https:\/\/casitascanarias.com\/blog\/wp-content\/uploads\/2026\/08\/manual__brand-center__caldera-de-taburiente-la-palma_1008074c.jpg","datePublished":"2026-08-21T00:18:54+00:00","author":{"@id":"https:\/\/casitascanarias.com\/blog\/sv\/#\/schema\/person\/5ae39d6f67c8f46bcb83ab1baacb22d2"},"description":"Vad man kan g\u00f6ra p\u00e5 La Palma: vandra i Caldera de Taburiente, se Tajogaite, uppleva stj\u00e4rnhimlen vid Roque de los Muchachos och njuta av lokal gastronomi. Komplett guide.","breadcrumb":{"@id":"https:\/\/casitascanarias.com\/blog\/sv\/vad-man-kan-gora-la-palma-vulkaner-stjarnor-natur\/#breadcrumb"},"inLanguage":"sv-SE","potentialAction":[{"@type":"ReadAction","target":["https:\/\/casitascanarias.com\/blog\/sv\/vad-man-kan-gora-la-palma-vulkaner-stjarnor-natur\/"]}]},{"@type":"ImageObject","inLanguage":"sv-SE","@id":"https:\/\/casitascanarias.com\/blog\/sv\/vad-man-kan-gora-la-palma-vulkaner-stjarnor-natur\/#primaryimage","url":"https:\/\/casitascanarias.com\/blog\/wp-content\/uploads\/2026\/08\/manual__brand-center__caldera-de-taburiente-la-palma_1008074c.jpg","contentUrl":"https:\/\/casitascanarias.com\/blog\/wp-content\/uploads\/2026\/08\/manual__brand-center__caldera-de-taburiente-la-palma_1008074c.jpg","width":1600,"height":1200},{"@type":"BreadcrumbList","@id":"https:\/\/casitascanarias.com\/blog\/sv\/vad-man-kan-gora-la-palma-vulkaner-stjarnor-natur\/#breadcrumb","itemListElement":[{"@type":"ListItem","position":1,"name":"Home","item":"https:\/\/casitascanarias.com\/blog\/sv\/"},{"@type":"ListItem","position":2,"name":"Vad man kan g\u00f6ra p\u00e5 La Palma: vulkaner, stj\u00e4rnhimmel och \u00e4kta natur"}]},{"@type":"WebSite","@id":"https:\/\/casitascanarias.com\/blog\/sv\/#website","url":"https:\/\/casitascanarias.com\/blog\/sv\/","name":"Blog","description":"Casitascanarias","potentialAction":[{"@type":"SearchAction","target":{"@type":"EntryPoint","urlTemplate":"https:\/\/casitascanarias.com\/blog\/sv\/?s={search_term_string}"},"query-input":{"@type":"PropertyValueSpecification","valueRequired":true,"valueName":"search_term_string"}}],"inLanguage":"sv-SE"},{"@type":"Person","@id":"https:\/\/casitascanarias.com\/blog\/sv\/#\/schema\/person\/5ae39d6f67c8f46bcb83ab1baacb22d2","name":"casitascanarias","image":{"@type":"ImageObject","inLanguage":"sv-SE","@id":"https:\/\/secure.gravatar.com\/avatar\/94a64690a57361123f7289ce44d25670cdcdc453ed9da3ab748f3179ab1550be?s=96&d=mm&r=g","url":"https:\/\/secure.gravatar.com\/avatar\/94a64690a57361123f7289ce44d25670cdcdc453ed9da3ab748f3179ab1550be?s=96&d=mm&r=g","contentUrl":"https:\/\/secure.gravatar.com\/avatar\/94a64690a57361123f7289ce44d25670cdcdc453ed9da3ab748f3179ab1550be?s=96&d=mm&r=g","caption":"casitascanarias"},"url":"https:\/\/casitascanarias.com\/blog\/sv\/author\/casitascanarias\/"}]}},"_links":{"self":[{"href":"https:\/\/casitascanarias.com\/blog\/sv\/wp-json\/wp\/v2\/posts\/185","targetHints":{"allow":["GET"]}}],"collection":[{"href":"https:\/\/casitascanarias.com\/blog\/sv\/wp-json\/wp\/v2\/posts"}],"about":[{"href":"https:\/\/casitascanarias.com\/blog\/sv\/wp-json\/wp\/v2\/types\/post"}],"author":[{"embeddable":true,"href":"https:\/\/casitascanarias.com\/blog\/sv\/wp-json\/wp\/v2\/users\/2"}],"replies":[{"embeddable":true,"href":"https:\/\/casitascanarias.com\/blog\/sv\/wp-json\/wp\/v2\/comments?post=185"}],"version-history":[{"count":0,"href":"https:\/\/casitascanarias.com\/blog\/sv\/wp-json\/wp\/v2\/posts\/185\/revisions"}],"wp:featuredmedia":[{"embeddable":true,"href":"https:\/\/casitascanarias.com\/blog\/sv\/wp-json\/wp\/v2\/media\/161"}],"wp:attachment":[{"href":"https:\/\/casitascanarias.com\/blog\/sv\/wp-json\/wp\/v2\/media?parent=185"}],"wp:term":[{"taxonomy":"category","embeddable":true,"href":"https:\/\/casitascanarias.com\/blog\/sv\/wp-json\/wp\/v2\/categories?post=185"},{"taxonomy":"post_tag","embeddable":true,"href":"https:\/\/casitascanarias.com\/blog\/sv\/wp-json\/wp\/v2\/tags?post=185"}],"curies":[{"name":"wp","href":"https:\/\/api.w.org\/{rel}","templated":true}]}}